{"id":1882,"date":"2020-12-01T13:30:35","date_gmt":"2020-12-01T07:30:35","guid":{"rendered":"http:\/\/db.kg\/?p=1882"},"modified":"2020-12-01T14:12:00","modified_gmt":"2020-12-01T08:12:00","slug":"%d0%be%d0%be-%d0%b4%d0%be%d1%80%d0%be%d0%b6%d0%bd%d0%b0%d1%8f-%d0%b1%d0%b5%d0%b7%d0%be%d0%bf%d0%b0%d1%81%d0%bd%d0%be%d1%81%d1%82%d1%8c-%d1%83%d1%87%d0%b0%d1%81%d1%82%d0%b2%d1%83%d0%b5%d1%82-%d0%bd","status":"publish","type":"post","link":"https:\/\/db.kg\/?p=1882","title":{"rendered":"\u041e\u041e &#171;\u0414\u043e\u0440\u043e\u0436\u043d\u0430\u044f \u0431\u0435\u0437\u043e\u043f\u0430\u0441\u043d\u043e\u0441\u0442\u044c&#187; \u0443\u0447\u0430\u0441\u0442\u0432\u0443\u0435\u0442 \u0432 \u043e\u043d\u043b\u0430\u0439\u043d \u0441\u0435\u043c\u0438\u043d\u0430\u0440\u0435  \u043f\u043e \u043e\u043f\u044b\u0442\u0443 \u0440\u0430\u0431\u043e\u0442\u044b \u0441 \u0433\u043e\u0441\u0441\u0442\u0440\u0443\u043a\u0442\u0443\u0440\u0430\u043c\u0438"},"content":{"rendered":"<p>\u041e\u041e &#171;\u0414\u043e\u0440\u043e\u0436\u043d\u0430\u044f \u0431\u0435\u0437\u043e\u043f\u0430\u0441\u043d\u043e\u0441\u0442\u044c&#187; \u0443\u0447\u0430\u0441\u0442\u0432\u0443\u0435\u0442 \u0432 \u043e\u043d\u043b\u0430\u0439\u043d \u0441\u0435\u043c\u0438\u043d\u0430\u0440\u0435 \u0441\u043e\u0432\u043c\u0435\u0441\u0442\u043d\u043e \u0441 \u043f\u0440\u0435\u0434\u0441\u0442\u0430\u0432\u0438\u0442\u0435\u043b\u044f\u043c\u0438 \u041e\u041e\u041d \u0438 \u0412\u041e\u0417, \u043e\u0440\u0433\u0430\u043d\u0438\u0437\u043e\u0432\u0430\u043d\u043d\u043e\u043c \u0413\u043b\u043e\u0431\u0430\u043b\u044c\u043d\u044b\u043c \u0410\u043b\u044c\u044f\u043d\u0441\u043e\u043c \u041d\u041f\u041e \u043f\u043e \u0414\u0411, \u043f\u043e \u043e\u043f\u044b\u0442\u0443 \u0440\u0430\u0431\u043e\u0442\u044b \u0441 \u0433\u043e\u0441\u0441\u0442\u0440\u0443\u043a\u0442\u0443\u0440\u0430\u043c\u0438 \u0438 \u0438\u0441\u043f\u043e\u043b\u043d\u0435\u043d\u0438\u044f \u0438\u043c\u0438 \u043e\u0431\u044f\u0437\u0430\u0442\u0435\u043b\u044c\u0441\u0442\u0432. \u0421\u0435\u0433\u043e\u0434\u043d\u044f \u0432 20.00 \u043f\u043e \u043d\u0430\u0448\u0435\u043c\u0443 \u0432\u0440\u0435\u043c\u0435\u043d\u0438.<\/p>\n<p class=\"screen-reader-text\"><strong>Registration: Global Roundtable Toward Accountability for Safer Roads<\/strong><\/p>\n<p class=\"screen-reader-text\"><a href=\"https:\/\/zoom.us\/webinar\/register\/WN_fJRsdZpiR4CBewtbbPumhQ\">https:\/\/zoom.us\/webinar\/register\/WN_fJRsdZpiR4CBewtbbPumhQ<\/a><\/p>\n<blockquote class=\"wp-embedded-content\" data-secret=\"FitOQhkpCV\"><p><a href=\"https:\/\/www.roadsafetyngos.org\/events\/global-roundtable-toward-accountability-for-safer-roads\/\">Global Roundtable Toward Accountability for Safer Roads<\/a><\/p><\/blockquote>\n<p><iframe loading=\"lazy\" class=\"wp-embedded-content\" sandbox=\"allow-scripts\" security=\"restricted\" style=\"position: absolute; clip: rect(1px, 1px, 1px, 1px);\" title=\"&#8220;Global Roundtable Toward Accountability for Safer Roads&#8221; &#8212; Global Alliance of NGOs for Road Safety\" src=\"https:\/\/www.roadsafetyngos.org\/events\/global-roundtable-toward-accountability-for-safer-roads\/embed\/#?secret=hsu3HstxSE#?secret=FitOQhkpCV\" data-secret=\"FitOQhkpCV\" width=\"600\" height=\"338\" frameborder=\"0\" marginwidth=\"0\" marginheight=\"0\" scrolling=\"no\"><\/iframe><\/p>\n<p>In 2019, road safety NGOs worked with their governments to agree to specific, time bound commitments for safer roads in their countries. This panel discussion will build on the strong leadership demonstrated through those commitments, and will be an opportunity to discuss the progress that has been made toward them. As with any target, it is so important to follow up, so that what is working can be celebrated and inspire others, and what is not working can be addressed.<\/p>\n<p>A panel of decision makers from national\/regional authorities that have made commitments on the\u00a0<a href=\"https:\/\/www.roadsafetyngos.org\/act-now\/committoact\/commitment-tracker\/\">Commitment Tracker<\/a>\u00a0will talk about progress on the commitments and discuss government accountability for road safety. Panelists include Dr. \u00c1ngela Mar\u00eda Orozco G\u00f3mez, Minister of Transport Colombia; Dr. Khu\u1ea5t Vi\u1ec7t H\u00f9ng, Vietnam National Traffic Safety Committee; Mr. Matthew Baldwin, European Commission.<\/p>\n<p>They will be joined by NGO representatives, Ms. Chinara Kasmambetova, Road Safety NGO, Kyrgyzstan; and Mr. Horst Heimstadt, Private Sector Forum for Road Safety, Namibia, who will discuss commitments made in their country and take questions.<\/p>\n<p>The session will be opened by Mr. Jean Todt, UN Secretary General\u2019s Special Envoy for Road Safety, and closed by Dr. Etienne Krug, Director, Social Determinants of Health, WHO.<\/p>\n<h2><strong>Agenda<\/strong><\/h2>\n<figure class=\"wp-block-table is-style-stripes\">\n<table>\n<tbody>\n<tr>\n<td><strong>Agenda<\/strong><\/td>\n<td><\/td>\n<\/tr>\n<tr>\n<td>15:00\u201315:05<\/td>\n<td>Welcome &amp; setting the stage<br \/>\n<strong>Ms. Lotte Brondum<\/strong><br \/>\nExecutive Director<br \/>\nGlobal Alliance of NGOs for Road Safety<\/td>\n<\/tr>\n<tr>\n<td>15:05\u201315:10<\/td>\n<td>From global commitments to local action: key partnerships and collaborations between international organizations, governments and civil society<br \/>\n<strong>Mr. Jean Todt<\/strong><br \/>\nUN Secretary-General\u2019s Special Envoy<br \/>\nfor Road Safety<\/td>\n<\/tr>\n<tr>\n<td>15:10\u201315:25<\/td>\n<td><strong>Government perspectives<\/strong><br \/>\nProgress made and challenges experienced in achievement of the road safety commitments given at country\/region\u2019s roundtables in 2019.\u00a0Each speaker will have five minutes to present their remarks.<br \/>\n<strong>Dr. \u00c1ngela Mar\u00eda Orozco G\u00f3mez<\/strong><br \/>\nMinister of Transport Colombia<br \/>\n<strong>Dr. Khu\u1ea5t Vi\u1ec7t H\u00f9ng<\/strong><br \/>\nExecutive Vice Chairman<br \/>\nVietnam National Traffic Safety Committee<br \/>\n<strong>Mr. Matthew Baldwin<\/strong><br \/>\nDeputy Director General &amp; European Coordinator<br \/>\nRoad Safety\/Sustainable Mobility<br \/>\nEuropean Commission<\/td>\n<\/tr>\n<tr>\n<td>15:25\u201315:40<\/td>\n<td><strong>NGO perspectives<\/strong><br \/>\nHow did NGOs work on the commitments and what is their advice to scale up accountability for road safety, including Q&amp;A. Moderated by Ms. Lotte Brondum.<br \/>\n<strong>Ms. Chinara Kasmambetova<\/strong><br \/>\nRoad Safety NGO, Kyrgyzstan<br \/>\n<strong>Mr. Horst Heimstadt<\/strong><br \/>\nPrivate Sector Forum for Road Safety, Namibia<\/td>\n<\/tr>\n<tr>\n<td>15:45\u201315:57<\/td>\n<td><strong>Reflection on presentations<\/strong><br \/>\nGovernments\u2019 role and responsibility for road safety, the need for accountability in moving forward with the Stockholm Declaration, and the Second Decade of Action for Road Safety 2021-2030.<br \/>\n<strong>Dr. Etienne Krug<\/strong><br \/>\nDirector of Social Determinants for Health<br \/>\nWorld Health Organization<\/td>\n<\/tr>\n<tr>\n<td>15:57\u201316:00<\/td>\n<td><strong>Closing remarks\u00a0<\/strong><br \/>\n<strong>Ms. Lotte Brondum<\/strong><\/td>\n<\/tr>\n<\/tbody>\n<\/table>\n<\/figure>\n<hr \/>\n<nav class=\"navigation post-navigation\" role=\"navigation\" aria-label=\"Posts\">\n<p class=\"screen-reader-text\">\n<\/nav>\n<p><\/p>","protected":false},"excerpt":{"rendered":"<p>\u041e\u041e &#171;\u0414\u043e\u0440\u043e\u0436\u043d\u0430\u044f \u0431\u0435\u0437\u043e\u043f\u0430\u0441\u043d\u043e\u0441\u0442\u044c&#187; \u0443\u0447\u0430\u0441\u0442\u0432\u0443\u0435\u0442 \u0432 \u043e\u043d\u043b\u0430\u0439\u043d \u0441\u0435\u043c\u0438\u043d\u0430\u0440\u0435 \u0441\u043e\u0432\u043c\u0435\u0441\u0442\u043d\u043e \u0441 \u043f\u0440\u0435\u0434\u0441\u0442\u0430\u0432\u0438\u0442\u0435\u043b\u044f\u043c\u0438 \u041e\u041e\u041d \u0438 \u0412\u041e\u0417, \u043e\u0440\u0433\u0430\u043d\u0438\u0437\u043e\u0432\u0430\u043d\u043d\u043e\u043c \u0413\u043b\u043e\u0431\u0430\u043b\u044c\u043d\u044b\u043c \u0410\u043b\u044c\u044f\u043d\u0441\u043e\u043c \u041d\u041f\u041e \u043f\u043e \u0414\u0411, \u043f\u043e \u043e\u043f\u044b\u0442\u0443 \u0440\u0430\u0431\u043e\u0442\u044b \u0441 \u0433\u043e\u0441\u0441\u0442\u0440\u0443\u043a\u0442\u0443\u0440\u0430\u043c\u0438 \u0438 \u0438\u0441\u043f\u043e\u043b\u043d\u0435\u043d\u0438\u044f \u0438\u043c\u0438 \u043e\u0431\u044f\u0437\u0430\u0442\u0435\u043b\u044c\u0441\u0442\u0432. \u0421\u0435\u0433\u043e\u0434\u043d\u044f \u0432 20.00 \u043f\u043e \u043d\u0430\u0448\u0435\u043c\u0443 \u0432\u0440\u0435\u043c\u0435\u043d\u0438. Registration: Global Roundtable Toward Accountability for Safer Roads https:\/\/zoom.us\/webinar\/register\/WN_fJRsdZpiR4CBewtbbPumhQ Global Roundtable Toward Accountability for Safer Roads In 2019, road safety NGOs [&hellip;]<\/p>\n","protected":false},"author":2,"featured_media":1886,"comment_status":"open","ping_status":"open","sticky":false,"template":"","format":"standard","meta":{"footnotes":""},"categories":[9,3],"tags":[63],"class_list":["post-1882","post","type-post","status-publish","format-standard","has-post-thumbnail","hentry","category-proj","category-news","tag-roadsafetyngos"],"_links":{"self":[{"href":"https:\/\/db.kg\/index.php?rest_route=\/wp\/v2\/posts\/1882","targetHints":{"allow":["GET"]}}],"collection":[{"href":"https:\/\/db.kg\/index.php?rest_route=\/wp\/v2\/posts"}],"about":[{"href":"https:\/\/db.kg\/index.php?rest_route=\/wp\/v2\/types\/post"}],"author":[{"embeddable":true,"href":"https:\/\/db.kg\/index.php?rest_route=\/wp\/v2\/users\/2"}],"replies":[{"embeddable":true,"href":"https:\/\/db.kg\/index.php?rest_route=%2Fwp%2Fv2%2Fcomments&post=1882"}],"version-history":[{"count":0,"href":"https:\/\/db.kg\/index.php?rest_route=\/wp\/v2\/posts\/1882\/revisions"}],"wp:featuredmedia":[{"embeddable":true,"href":"https:\/\/db.kg\/index.php?rest_route=\/wp\/v2\/media\/1886"}],"wp:attachment":[{"href":"https:\/\/db.kg\/index.php?rest_route=%2Fwp%2Fv2%2Fmedia&parent=1882"}],"wp:term":[{"taxonomy":"category","embeddable":true,"href":"https:\/\/db.kg\/index.php?rest_route=%2Fwp%2Fv2%2Fcategories&post=1882"},{"taxonomy":"post_tag","embeddable":true,"href":"https:\/\/db.kg\/index.php?rest_route=%2Fwp%2Fv2%2Ftags&post=1882"}],"curies":[{"name":"wp","href":"https:\/\/api.w.org\/{rel}","templated":true}]}}